{"id":1341,"date":"2016-03-24T20:06:21","date_gmt":"2016-03-24T20:06:21","guid":{"rendered":"http:\/\/enersolarbrasil.com.br\/16\/en\/?p=1341"},"modified":"2016-03-24T20:06:21","modified_gmt":"2016-03-24T20:06:21","slug":"problemas-brasileiros-magazine","status":"publish","type":"post","link":"https:\/\/feiraecoenergy.com.br\/16\/en\/problemas-brasileiros-magazine\/","title":{"rendered":"Problemas Brasileiros Magazine"},"content":{"rendered":"<p><strong>Interview: <\/strong>Rimantas Sipas &#8211; Commercial Director of<strong> Cipa Fiera Milano<\/strong><\/p>\n<p>The availability of clean and renewable energy sources for energy generation and efficient use of natural resources has driven growth in participation of alternative energy, such as solar, wind and biomass. Besides meeting electric consumption need, the composition of different sources aims to make the country have a cleaner energy matrix.<\/p>\n<p>The conditions to encourage the development of a photovoltaic solar energy national productive chain are the establishment of internal demand by photovoltaic industry products, plus the incentive to micro and minigeneration systems. It is also necessary to establish a set of well formulated synergistic industrial policies that puts in place the conditions for competitiveness to components and photovoltaic equipments produced in the country, such as reducing the tax payment on raw materials, components and photovoltaic equipments.<\/p>\n<p><em>&#8220;It is essential the mix of public policies to stimulate solar energy in Brazil boost the whole development of the industry. Coupled with this movement, financing is indispensable. With the understanding among political sphere, technology producer industry and financial institutions, renewable energy will be able to have its projects expanded&#8221;<\/em>, says Rimantas Sipas, Commercial Director of Cipa Fiera Milano.<\/p>\n<p>In times of increased consumption and demand for alternative energy sources, <strong>EnerSolar + Brasil | Feira Internacional de Tecnologias para Energia Solar,<\/strong> leading fair of renewable energy in the industry, and <strong>Ecoenergy | Congresso de Tecnologias Limpas e Renov\u00e1veis para a Gera\u00e7\u00e3o de Energia <\/strong>present the new demands and future of the renewable energy industry in the country, and bring together on <strong>May 10-12, 2016<\/strong>, the whole productive chain of the solar, photovoltaic, wind energy, biomass segments at S\u00e3o Paulo Expo Exhibition &amp; Convention Center, S\u00e3o Paulo.<\/p>\n<p>With solutions focused on GTDC industries (Generation, Transmission, Distribution and Commercialization), <strong>80 exhibitors<\/strong> present the latest technologies, products and services for the renewable energy industry, such as solar heaters, thermo-solar panels, photovoltaic panels, wind generators, converters, machinery for transportation and handling of biomass, heaters, boilers, among others.<\/p>\n<p>In order to potentialize even more the participation of exhibitors and visitors, highlighting the agenda of EnerSolar + Brasil, o <strong>Ecoenergy | Congresso de Tecnologias Limpas e Renov\u00e1veis para a Gera\u00e7\u00e3o de Energia <\/strong>under the theme <em>\u201cA\u00e7\u00f5es e pol\u00edticas p\u00fablicas, solu\u00e7\u00f5es para o financiamento, inova\u00e7\u00e3o tecnol\u00f3gica, venda de excedentes e novos neg\u00f3cios em energia solar (Actions and public policies, solutions for financing, technological innovation, selling surpluses and new businesses in energy field)\u201d <\/em>proposes a discussion of the most relevant themes for people who work in the area or it evaluates the visibility to invest in solar energy with roundtables and panels promoting important discussions among entrepreneurs, researchers, government officials, entities\u00a0 and associations related to this sector: <strong>public policies and States&#8217; initiatives\u00a0 to engage the ongoing development of renewable energies; Technological news<\/strong> for the solar thermal and photovoltaic systems; <strong>Criteria and financing offer <\/strong>to purchase solar energy technology.<\/p>\n<p>Organized by Cipa Fiera Milano, the joint events are expected to receive nearly <strong>12 thousand professionals of the industry.<\/strong><\/p>\n<p><strong><br \/>\nAbout Cipa Fiera Milano<\/strong><\/p>\n<p>Cipa Fiera Milano is specialized in business fairs and technical publications, and aims to bring organizations closer and create relationship opportunities by organizing big fairs and publications of segmented magazines in Latin America.<\/p>\n<p><strong>Fiera Milano in the World<\/strong><\/p>\n<p>Located in milan, Italy, Fiera Milano is market leader on fair and conference segments, both the number of visitors andexhibitors and the\u00a0 excellence of exhibitions. With offices in eight countries around the world, Fiera Milano has a portfolio that stands out from the other fair promoters in terms of the variety of represented economic sectors and quality of events. Its exhibitions attract more than 30 thousand exhibitors and five million visitors each year.<\/p>\n<p><strong><br \/>\nCipa Fiera Milano Press Office<br \/>\n<\/strong><strong>RM Press | Strategic Communication<br \/>\n<\/strong>Claudia Maciel<br \/>\n+55 11 2950-4820<br \/>\nclaudia.maciel@rmpress.com.br<\/p>\n<p><a href=\"http:\/\/enersolarbrasil.com.br\/16\/en\/wp-content\/uploads\/2016\/03\/05_interview_rimantas_sipas_problemas_brasileiros_magazine_cipa_fiera_milano.pdf\" target=\"_blank\">Click here to download<\/a><\/p>\n","protected":false},"excerpt":{"rendered":"<p>Interview: Rimantas Sipas &#8211; Commercial Director of Cipa Fiera Milano The availability of clean and renewable energy sources for energy [&hellip;]<\/p>\n","protected":false},"author":3,"featured_media":0,"comment_status":"closed","ping_status":"open","sticky":false,"template":"","format":"standard","meta":{"_mi_skip_tracking":false},"categories":[10],"tags":[],"yoast_head":"<!-- This site is optimized with the Yoast SEO plugin v18.1 - https:\/\/yoast.com\/wordpress\/plugins\/seo\/ -->\n<title>Problemas Brasileiros Magazine - Ecoenergy<\/title>\n<meta name=\"robots\" content=\"index, follow, max-snippet:-1, max-image-preview:large, max-video-preview:-1\" \/>\n<link rel=\"canonical\" href=\"https:\/\/feiraecoenergy.com.br\/16\/en\/problemas-brasileiros-magazine\/\" \/>\n<meta property=\"og:locale\" content=\"pt_BR\" \/>\n<meta property=\"og:type\" content=\"article\" \/>\n<meta property=\"og:title\" content=\"Problemas Brasileiros Magazine - Ecoenergy\" \/>\n<meta property=\"og:description\" content=\"Interview: Rimantas Sipas &#8211; Commercial Director of Cipa Fiera Milano The availability of clean and renewable energy sources for energy [&hellip;]\" \/>\n<meta property=\"og:url\" content=\"https:\/\/feiraecoenergy.com.br\/16\/en\/problemas-brasileiros-magazine\/\" \/>\n<meta property=\"og:site_name\" content=\"Ecoenergy\" \/>\n<meta property=\"article:published_time\" content=\"2016-03-24T20:06:21+00:00\" \/>\n<meta name=\"twitter:card\" content=\"summary\" \/>\n<meta name=\"twitter:label1\" content=\"Escrito por\" \/>\n\t<meta name=\"twitter:data1\" content=\"Leandro Mota\" \/>\n\t<meta name=\"twitter:label2\" content=\"Est. tempo de leitura\" \/>\n\t<meta name=\"twitter:data2\" content=\"3 minutos\" \/>\n<script type=\"application\/ld+json\" class=\"yoast-schema-graph\">{\"@context\":\"https:\/\/schema.org\",\"@graph\":[{\"@type\":\"WebSite\",\"@id\":\"https:\/\/feiraecoenergy.com.br\/16\/en\/#website\",\"url\":\"https:\/\/feiraecoenergy.com.br\/16\/en\/\",\"name\":\"Ecoenergy\",\"description\":\"International Fair and Congress of Clean and Renewable Technologies for Energy Generation\",\"potentialAction\":[{\"@type\":\"SearchAction\",\"target\":{\"@type\":\"EntryPoint\",\"urlTemplate\":\"https:\/\/feiraecoenergy.com.br\/16\/en\/?s={search_term_string}\"},\"query-input\":\"required name=search_term_string\"}],\"inLanguage\":\"pt-BR\"},{\"@type\":\"WebPage\",\"@id\":\"https:\/\/feiraecoenergy.com.br\/16\/en\/problemas-brasileiros-magazine\/#webpage\",\"url\":\"https:\/\/feiraecoenergy.com.br\/16\/en\/problemas-brasileiros-magazine\/\",\"name\":\"Problemas Brasileiros Magazine - Ecoenergy\",\"isPartOf\":{\"@id\":\"https:\/\/feiraecoenergy.com.br\/16\/en\/#website\"},\"datePublished\":\"2016-03-24T20:06:21+00:00\",\"dateModified\":\"2016-03-24T20:06:21+00:00\",\"author\":{\"@id\":\"https:\/\/feiraecoenergy.com.br\/16\/en\/#\/schema\/person\/75a0989bc3d618f9011184d0d38b27c0\"},\"breadcrumb\":{\"@id\":\"https:\/\/feiraecoenergy.com.br\/16\/en\/problemas-brasileiros-magazine\/#breadcrumb\"},\"inLanguage\":\"pt-BR\",\"potentialAction\":[{\"@type\":\"ReadAction\",\"target\":[\"https:\/\/feiraecoenergy.com.br\/16\/en\/problemas-brasileiros-magazine\/\"]}]},{\"@type\":\"BreadcrumbList\",\"@id\":\"https:\/\/feiraecoenergy.com.br\/16\/en\/problemas-brasileiros-magazine\/#breadcrumb\",\"itemListElement\":[{\"@type\":\"ListItem\",\"position\":1,\"name\":\"In\u00edcio\",\"item\":\"https:\/\/feiraecoenergy.com.br\/16\/en\/\"},{\"@type\":\"ListItem\",\"position\":2,\"name\":\"Problemas Brasileiros Magazine\"}]},{\"@type\":\"Person\",\"@id\":\"https:\/\/feiraecoenergy.com.br\/16\/en\/#\/schema\/person\/75a0989bc3d618f9011184d0d38b27c0\",\"name\":\"Leandro Mota\",\"image\":{\"@type\":\"ImageObject\",\"@id\":\"https:\/\/feiraecoenergy.com.br\/16\/en\/#personlogo\",\"inLanguage\":\"pt-BR\",\"url\":\"https:\/\/secure.gravatar.com\/avatar\/7ed0afe92604544d15c5f52eaeeb306f?s=96&d=mm&r=g\",\"contentUrl\":\"https:\/\/secure.gravatar.com\/avatar\/7ed0afe92604544d15c5f52eaeeb306f?s=96&d=mm&r=g\",\"caption\":\"Leandro Mota\"},\"url\":\"https:\/\/feiraecoenergy.com.br\/16\/en\/author\/leandro\/\"}]}<\/script>\n<!-- \/ Yoast SEO plugin. -->","yoast_head_json":{"title":"Problemas Brasileiros Magazine - Ecoenergy","robots":{"index":"index","follow":"follow","max-snippet":"max-snippet:-1","max-image-preview":"max-image-preview:large","max-video-preview":"max-video-preview:-1"},"canonical":"https:\/\/feiraecoenergy.com.br\/16\/en\/problemas-brasileiros-magazine\/","og_locale":"pt_BR","og_type":"article","og_title":"Problemas Brasileiros Magazine - Ecoenergy","og_description":"Interview: Rimantas Sipas &#8211; Commercial Director of Cipa Fiera Milano The availability of clean and renewable energy sources for energy [&hellip;]","og_url":"https:\/\/feiraecoenergy.com.br\/16\/en\/problemas-brasileiros-magazine\/","og_site_name":"Ecoenergy","article_published_time":"2016-03-24T20:06:21+00:00","twitter_card":"summary","twitter_misc":{"Escrito por":"Leandro Mota","Est. tempo de leitura":"3 minutos"},"schema":{"@context":"https:\/\/schema.org","@graph":[{"@type":"WebSite","@id":"https:\/\/feiraecoenergy.com.br\/16\/en\/#website","url":"https:\/\/feiraecoenergy.com.br\/16\/en\/","name":"Ecoenergy","description":"International Fair and Congress of Clean and Renewable Technologies for Energy Generation","potentialAction":[{"@type":"SearchAction","target":{"@type":"EntryPoint","urlTemplate":"https:\/\/feiraecoenergy.com.br\/16\/en\/?s={search_term_string}"},"query-input":"required name=search_term_string"}],"inLanguage":"pt-BR"},{"@type":"WebPage","@id":"https:\/\/feiraecoenergy.com.br\/16\/en\/problemas-brasileiros-magazine\/#webpage","url":"https:\/\/feiraecoenergy.com.br\/16\/en\/problemas-brasileiros-magazine\/","name":"Problemas Brasileiros Magazine - Ecoenergy","isPartOf":{"@id":"https:\/\/feiraecoenergy.com.br\/16\/en\/#website"},"datePublished":"2016-03-24T20:06:21+00:00","dateModified":"2016-03-24T20:06:21+00:00","author":{"@id":"https:\/\/feiraecoenergy.com.br\/16\/en\/#\/schema\/person\/75a0989bc3d618f9011184d0d38b27c0"},"breadcrumb":{"@id":"https:\/\/feiraecoenergy.com.br\/16\/en\/problemas-brasileiros-magazine\/#breadcrumb"},"inLanguage":"pt-BR","potentialAction":[{"@type":"ReadAction","target":["https:\/\/feiraecoenergy.com.br\/16\/en\/problemas-brasileiros-magazine\/"]}]},{"@type":"BreadcrumbList","@id":"https:\/\/feiraecoenergy.com.br\/16\/en\/problemas-brasileiros-magazine\/#breadcrumb","itemListElement":[{"@type":"ListItem","position":1,"name":"In\u00edcio","item":"https:\/\/feiraecoenergy.com.br\/16\/en\/"},{"@type":"ListItem","position":2,"name":"Problemas Brasileiros Magazine"}]},{"@type":"Person","@id":"https:\/\/feiraecoenergy.com.br\/16\/en\/#\/schema\/person\/75a0989bc3d618f9011184d0d38b27c0","name":"Leandro Mota","image":{"@type":"ImageObject","@id":"https:\/\/feiraecoenergy.com.br\/16\/en\/#personlogo","inLanguage":"pt-BR","url":"https:\/\/secure.gravatar.com\/avatar\/7ed0afe92604544d15c5f52eaeeb306f?s=96&d=mm&r=g","contentUrl":"https:\/\/secure.gravatar.com\/avatar\/7ed0afe92604544d15c5f52eaeeb306f?s=96&d=mm&r=g","caption":"Leandro Mota"},"url":"https:\/\/feiraecoenergy.com.br\/16\/en\/author\/leandro\/"}]}},"_links":{"self":[{"href":"https:\/\/feiraecoenergy.com.br\/16\/en\/wp-json\/wp\/v2\/posts\/1341"}],"collection":[{"href":"https:\/\/feiraecoenergy.com.br\/16\/en\/wp-json\/wp\/v2\/posts"}],"about":[{"href":"https:\/\/feiraecoenergy.com.br\/16\/en\/wp-json\/wp\/v2\/types\/post"}],"author":[{"embeddable":true,"href":"https:\/\/feiraecoenergy.com.br\/16\/en\/wp-json\/wp\/v2\/users\/3"}],"replies":[{"embeddable":true,"href":"https:\/\/feiraecoenergy.com.br\/16\/en\/wp-json\/wp\/v2\/comments?post=1341"}],"version-history":[{"count":1,"href":"https:\/\/feiraecoenergy.com.br\/16\/en\/wp-json\/wp\/v2\/posts\/1341\/revisions"}],"predecessor-version":[{"id":1342,"href":"https:\/\/feiraecoenergy.com.br\/16\/en\/wp-json\/wp\/v2\/posts\/1341\/revisions\/1342"}],"wp:attachment":[{"href":"https:\/\/feiraecoenergy.com.br\/16\/en\/wp-json\/wp\/v2\/media?parent=1341"}],"wp:term":[{"taxonomy":"category","embeddable":true,"href":"https:\/\/feiraecoenergy.com.br\/16\/en\/wp-json\/wp\/v2\/categories?post=1341"},{"taxonomy":"post_tag","embeddable":true,"href":"https:\/\/feiraecoenergy.com.br\/16\/en\/wp-json\/wp\/v2\/tags?post=1341"}],"curies":[{"name":"wp","href":"https:\/\/api.w.org\/{rel}","templated":true}]}}