{"id":1388,"date":"2016-05-04T19:14:25","date_gmt":"2016-05-04T19:14:25","guid":{"rendered":"http:\/\/enersolarbrasil.com.br\/16\/en\/?p=1388"},"modified":"2016-05-04T19:14:25","modified_gmt":"2016-05-04T19:14:25","slug":"quilowatt-do-bem-seal-launch-at-enersolarbrasil","status":"publish","type":"post","link":"https:\/\/feiraecoenergy.com.br\/16\/en\/quilowatt-do-bem-seal-launch-at-enersolarbrasil\/","title":{"rendered":"\u201cQuiloWatt do Bem\u201d Seal Launch at EnerSolar+Brasil"},"content":{"rendered":"<p><img loading=\"lazy\" class=\"alignnone size-full wp-image-1389\" src=\"http:\/\/enersolarbrasil.com.br\/16\/en\/wp-content\/uploads\/2016\/05\/Logo-QuiloWatt-do-Bem.png\" alt=\"Logo-QuiloWatt-do-Bem\" width=\"985\" height=\"287\" srcset=\"https:\/\/feiraecoenergy.com.br\/16\/en\/wp-content\/uploads\/2016\/05\/Logo-QuiloWatt-do-Bem.png 985w, https:\/\/feiraecoenergy.com.br\/16\/en\/wp-content\/uploads\/2016\/05\/Logo-QuiloWatt-do-Bem-300x87.png 300w\" sizes=\"(max-width: 985px) 100vw, 985px\" \/><\/p>\n<p>The main renewable energy fair in the sector, <strong>E<\/strong><strong>nerSolar + Brasil |\u00a0Feira Internacional de Tecnologias para Energia Solar<\/strong>, which will take place from<strong> 10 to 12 May, 2016<\/strong>, at the S\u00e3o Paulo Expo Exhibition &amp; Convention Center, in the city of S\u00e3o Paulo, was chosen by the SolarFX company, a company from the FX Energias Renov\u00e1veis Group, for the official launch of the \u201cQuiloWatt do Bem\u201d Seal.<\/p>\n<p>The creation of the Seal intends to create a donation bank between participant companies in which every 100KWp sold in products or services shall cause a 1KWp donation in equipment. A list of priority donations voted by Members of the Council shall define where the donation shall be sent. The donating company may use the \u201cQuiloWatt do Bem\u201d seal in its website, identifying donors as well. Any company, whether a part of the photovoltaic sector or not, may donate 1KWp. Companies with regular activities may be a member of the council. The Partner\u2019s Seal, however, is destined only to companies from the photovoltaic sector, which may contribute to the provision of specialized services.<\/p>\n<p>According to Ricardo Hon\u00f3rio, SolarFX\u2019s General Manager, the choice of <strong>EnerSolar + Brasil<\/strong> for the release of the Seal, a continuous project intending to obtain national reach, took place because the fair enables the exchange of information between professionals and the industry, broadening the company\u2019s actions\u2019 scope, seeking new business partners and fixating the brand in the market.<\/p>\n<p><strong><u><br \/>\n<\/u>About EnerSolar + Brasil 2016<\/strong><\/p>\n<p>The most recent solutions and technologies made for the segment of distributed generation, as well as for the entire industry of GTDC sectors (Generation, Transmission, Distribution and Commercialization) shall be present at <strong>E<\/strong><strong>nerSolar + Brasil |\u00a0Feira Internacional de Tecnologias para Energia Solar<\/strong>. The 5<sup>th<\/sup> edition of the event, held by Cipa Fiera Milano, shall gather 80 exhibitors from segments related to solar heaters, thermal solar plates, photovoltaic panels, aero-generators, inverters, biomass transportation and handling machines, boilers and burners, among others, attracting around 12 thousand professionals in the sector.<\/p>\n<p>The attractions simultaneous to the fair include the <strong>6<sup>th<\/sup> edition of Ecoenergy | <\/strong>\u00a0<strong>Congresso de Tecnologias Limpas e Renov\u00e1veis para a Gera\u00e7\u00e3o de Energia <\/strong>[Congress of Clean and Renewable Technologies for Energy Generation], under the central subject \u201c<em>Public actions and policies, solutions for funding, technological innovation, sale of surplus and new business in solar energy\u201d<\/em>, shall present a programming with meetings and panels promoting important debates between entrepreneurs, researchers, government representatives, entities and associations in the sectors.<\/p>\n<p>For more information, go to EnerSolar+ Brasil: <a href=\"http:\/\/www.enersolarbrasil.com.br\" target=\"_blank\">www.enersolarbrasil.com.br<\/a><\/p>\n<p><strong><br \/>\nService<\/strong><\/p>\n<p><strong>V EnerSolar + Brasil |\u00a0Feira Internacional de Tecnologias para Energia Solar<br \/>\n<\/strong><strong>Date:<\/strong> May 10-12, 2016, from 1 PM to 8 PM<br \/>\n* Free event for industry professionals<br \/>\n<strong>Simultaneous event: <\/strong>VI Ecoenergy | Congresso de Tecnologias Limpas e Renov\u00e1veis para a Gera\u00e7\u00e3o de Energia<br \/>\n<strong>Date:<\/strong> May 10-12, 2016, from 9 AM to 6 PM<br \/>\nProgram and Enrollment: <a href=\"http:\/\/enersolarbrasil.com.br\/16\/programacao-ecoenergy\/\" target=\"_blank\">www.enersolarbrasil.com.br\/16\/programacao-ecoenergy<strong><br \/>\n<\/strong><\/a><strong>Place<\/strong>: S\u00e3o Paulo Expo Exhibition &amp; Convention Center<br \/>\n<strong>Address:<\/strong>\u00a0Rodovia dos Imigrantes, KM 1,5 \u2013 \u00c1gua Funda, S\u00e3o Paulo \u2013 SP<br \/>\n<strong>Free transportation:<\/strong>\u00a0Rua Nelson Fernandes, 450 \u2013\u00a0Access through the Jabaquara Road Terminal<\/p>\n<p><strong><br \/>\nOn Cipa Fiera Milano <\/strong><\/p>\n<p>Cipa Fiera Milano specializes in business fairs and technical publications, intending to bring organizations together and to create relationship opportunities through the realization of major fairs and articles in industry-segment magazines in Latin America.<\/p>\n<p><strong>Fiera Milano in the world<\/strong><\/p>\n<p>Located in Milan \u2013 Italy, Fiera Milano is a leader in the market of fair and congress segments, both in number of visitors and exhibitors and in the excellence of the exhibits. With offices in eight countries around the world, Fiera Milano has a portfolio that is notable compared to other fair promoters in terms of the breadth of economic segments represented and the quality of events. Each year, its exhibits bring more than 30 thousand exhibitors and five million visitors.<\/p>\n<p><strong><br \/>\nCipa Fiera Milano Press Office<br \/>\n<\/strong><strong>RM Press | Strategic Communication<br \/>\n<\/strong>Claudia Maciel<br \/>\n+55 11 2950-4820<br \/>\nclaudia.maciel@rmpress.com.br<\/p>\n<p>&nbsp;<\/p>\n<p><a href=\"http:\/\/enersolarbrasil.com.br\/16\/en\/wp-content\/uploads\/2016\/05\/05_lancamento_do_selo_quilowatt_do_bem_na_enersolar_brasil_2016_ingles.pdf\" target=\"_blank\">Click here<\/a> to download<\/p>\n","protected":false},"excerpt":{"rendered":"<p>The main renewable energy fair in the sector, EnerSolar + Brasil |\u00a0Feira Internacional de Tecnologias para Energia Solar, which will [&hellip;]<\/p>\n","protected":false},"author":3,"featured_media":0,"comment_status":"closed","ping_status":"open","sticky":false,"template":"","format":"standard","meta":{"_mi_skip_tracking":false},"categories":[10],"tags":[],"yoast_head":"<!-- This site is optimized with the Yoast SEO plugin v18.1 - https:\/\/yoast.com\/wordpress\/plugins\/seo\/ -->\n<title>\u201cQuiloWatt do Bem\u201d Seal Launch at EnerSolar+Brasil - Ecoenergy<\/title>\n<meta name=\"robots\" content=\"index, follow, max-snippet:-1, max-image-preview:large, max-video-preview:-1\" \/>\n<link rel=\"canonical\" href=\"https:\/\/feiraecoenergy.com.br\/16\/en\/quilowatt-do-bem-seal-launch-at-enersolarbrasil\/\" \/>\n<meta property=\"og:locale\" content=\"pt_BR\" \/>\n<meta property=\"og:type\" content=\"article\" \/>\n<meta property=\"og:title\" content=\"\u201cQuiloWatt do Bem\u201d Seal Launch at EnerSolar+Brasil - Ecoenergy\" \/>\n<meta property=\"og:description\" content=\"The main renewable energy fair in the sector, EnerSolar + Brasil |\u00a0Feira Internacional de Tecnologias para Energia Solar, which will [&hellip;]\" \/>\n<meta property=\"og:url\" content=\"https:\/\/feiraecoenergy.com.br\/16\/en\/quilowatt-do-bem-seal-launch-at-enersolarbrasil\/\" \/>\n<meta property=\"og:site_name\" content=\"Ecoenergy\" \/>\n<meta property=\"article:published_time\" content=\"2016-05-04T19:14:25+00:00\" \/>\n<meta property=\"og:image\" content=\"http:\/\/enersolarbrasil.com.br\/16\/en\/wp-content\/uploads\/2016\/05\/Logo-QuiloWatt-do-Bem.png\" \/>\n<meta name=\"twitter:card\" content=\"summary\" \/>\n<meta name=\"twitter:label1\" content=\"Escrito por\" \/>\n\t<meta name=\"twitter:data1\" content=\"Leandro Mota\" \/>\n\t<meta name=\"twitter:label2\" content=\"Est. tempo de leitura\" \/>\n\t<meta name=\"twitter:data2\" content=\"3 minutos\" \/>\n<script type=\"application\/ld+json\" class=\"yoast-schema-graph\">{\"@context\":\"https:\/\/schema.org\",\"@graph\":[{\"@type\":\"WebSite\",\"@id\":\"https:\/\/feiraecoenergy.com.br\/16\/en\/#website\",\"url\":\"https:\/\/feiraecoenergy.com.br\/16\/en\/\",\"name\":\"Ecoenergy\",\"description\":\"International Fair and Congress of Clean and Renewable Technologies for Energy Generation\",\"potentialAction\":[{\"@type\":\"SearchAction\",\"target\":{\"@type\":\"EntryPoint\",\"urlTemplate\":\"https:\/\/feiraecoenergy.com.br\/16\/en\/?s={search_term_string}\"},\"query-input\":\"required name=search_term_string\"}],\"inLanguage\":\"pt-BR\"},{\"@type\":\"ImageObject\",\"@id\":\"https:\/\/feiraecoenergy.com.br\/16\/en\/quilowatt-do-bem-seal-launch-at-enersolarbrasil\/#primaryimage\",\"inLanguage\":\"pt-BR\",\"url\":\"http:\/\/enersolarbrasil.com.br\/16\/en\/wp-content\/uploads\/2016\/05\/Logo-QuiloWatt-do-Bem.png\",\"contentUrl\":\"http:\/\/enersolarbrasil.com.br\/16\/en\/wp-content\/uploads\/2016\/05\/Logo-QuiloWatt-do-Bem.png\"},{\"@type\":\"WebPage\",\"@id\":\"https:\/\/feiraecoenergy.com.br\/16\/en\/quilowatt-do-bem-seal-launch-at-enersolarbrasil\/#webpage\",\"url\":\"https:\/\/feiraecoenergy.com.br\/16\/en\/quilowatt-do-bem-seal-launch-at-enersolarbrasil\/\",\"name\":\"\u201cQuiloWatt do Bem\u201d Seal Launch at EnerSolar+Brasil - Ecoenergy\",\"isPartOf\":{\"@id\":\"https:\/\/feiraecoenergy.com.br\/16\/en\/#website\"},\"primaryImageOfPage\":{\"@id\":\"https:\/\/feiraecoenergy.com.br\/16\/en\/quilowatt-do-bem-seal-launch-at-enersolarbrasil\/#primaryimage\"},\"datePublished\":\"2016-05-04T19:14:25+00:00\",\"dateModified\":\"2016-05-04T19:14:25+00:00\",\"author\":{\"@id\":\"https:\/\/feiraecoenergy.com.br\/16\/en\/#\/schema\/person\/75a0989bc3d618f9011184d0d38b27c0\"},\"breadcrumb\":{\"@id\":\"https:\/\/feiraecoenergy.com.br\/16\/en\/quilowatt-do-bem-seal-launch-at-enersolarbrasil\/#breadcrumb\"},\"inLanguage\":\"pt-BR\",\"potentialAction\":[{\"@type\":\"ReadAction\",\"target\":[\"https:\/\/feiraecoenergy.com.br\/16\/en\/quilowatt-do-bem-seal-launch-at-enersolarbrasil\/\"]}]},{\"@type\":\"BreadcrumbList\",\"@id\":\"https:\/\/feiraecoenergy.com.br\/16\/en\/quilowatt-do-bem-seal-launch-at-enersolarbrasil\/#breadcrumb\",\"itemListElement\":[{\"@type\":\"ListItem\",\"position\":1,\"name\":\"In\u00edcio\",\"item\":\"https:\/\/feiraecoenergy.com.br\/16\/en\/\"},{\"@type\":\"ListItem\",\"position\":2,\"name\":\"\u201cQuiloWatt do Bem\u201d Seal Launch at EnerSolar+Brasil\"}]},{\"@type\":\"Person\",\"@id\":\"https:\/\/feiraecoenergy.com.br\/16\/en\/#\/schema\/person\/75a0989bc3d618f9011184d0d38b27c0\",\"name\":\"Leandro Mota\",\"image\":{\"@type\":\"ImageObject\",\"@id\":\"https:\/\/feiraecoenergy.com.br\/16\/en\/#personlogo\",\"inLanguage\":\"pt-BR\",\"url\":\"https:\/\/secure.gravatar.com\/avatar\/7ed0afe92604544d15c5f52eaeeb306f?s=96&d=mm&r=g\",\"contentUrl\":\"https:\/\/secure.gravatar.com\/avatar\/7ed0afe92604544d15c5f52eaeeb306f?s=96&d=mm&r=g\",\"caption\":\"Leandro Mota\"},\"url\":\"https:\/\/feiraecoenergy.com.br\/16\/en\/author\/leandro\/\"}]}<\/script>\n<!-- \/ Yoast SEO plugin. -->","yoast_head_json":{"title":"\u201cQuiloWatt do Bem\u201d Seal Launch at EnerSolar+Brasil - Ecoenergy","robots":{"index":"index","follow":"follow","max-snippet":"max-snippet:-1","max-image-preview":"max-image-preview:large","max-video-preview":"max-video-preview:-1"},"canonical":"https:\/\/feiraecoenergy.com.br\/16\/en\/quilowatt-do-bem-seal-launch-at-enersolarbrasil\/","og_locale":"pt_BR","og_type":"article","og_title":"\u201cQuiloWatt do Bem\u201d Seal Launch at EnerSolar+Brasil - Ecoenergy","og_description":"The main renewable energy fair in the sector, EnerSolar + Brasil |\u00a0Feira Internacional de Tecnologias para Energia Solar, which will [&hellip;]","og_url":"https:\/\/feiraecoenergy.com.br\/16\/en\/quilowatt-do-bem-seal-launch-at-enersolarbrasil\/","og_site_name":"Ecoenergy","article_published_time":"2016-05-04T19:14:25+00:00","og_image":[{"url":"http:\/\/enersolarbrasil.com.br\/16\/en\/wp-content\/uploads\/2016\/05\/Logo-QuiloWatt-do-Bem.png"}],"twitter_card":"summary","twitter_misc":{"Escrito por":"Leandro Mota","Est. tempo de leitura":"3 minutos"},"schema":{"@context":"https:\/\/schema.org","@graph":[{"@type":"WebSite","@id":"https:\/\/feiraecoenergy.com.br\/16\/en\/#website","url":"https:\/\/feiraecoenergy.com.br\/16\/en\/","name":"Ecoenergy","description":"International Fair and Congress of Clean and Renewable Technologies for Energy Generation","potentialAction":[{"@type":"SearchAction","target":{"@type":"EntryPoint","urlTemplate":"https:\/\/feiraecoenergy.com.br\/16\/en\/?s={search_term_string}"},"query-input":"required name=search_term_string"}],"inLanguage":"pt-BR"},{"@type":"ImageObject","@id":"https:\/\/feiraecoenergy.com.br\/16\/en\/quilowatt-do-bem-seal-launch-at-enersolarbrasil\/#primaryimage","inLanguage":"pt-BR","url":"http:\/\/enersolarbrasil.com.br\/16\/en\/wp-content\/uploads\/2016\/05\/Logo-QuiloWatt-do-Bem.png","contentUrl":"http:\/\/enersolarbrasil.com.br\/16\/en\/wp-content\/uploads\/2016\/05\/Logo-QuiloWatt-do-Bem.png"},{"@type":"WebPage","@id":"https:\/\/feiraecoenergy.com.br\/16\/en\/quilowatt-do-bem-seal-launch-at-enersolarbrasil\/#webpage","url":"https:\/\/feiraecoenergy.com.br\/16\/en\/quilowatt-do-bem-seal-launch-at-enersolarbrasil\/","name":"\u201cQuiloWatt do Bem\u201d Seal Launch at EnerSolar+Brasil - Ecoenergy","isPartOf":{"@id":"https:\/\/feiraecoenergy.com.br\/16\/en\/#website"},"primaryImageOfPage":{"@id":"https:\/\/feiraecoenergy.com.br\/16\/en\/quilowatt-do-bem-seal-launch-at-enersolarbrasil\/#primaryimage"},"datePublished":"2016-05-04T19:14:25+00:00","dateModified":"2016-05-04T19:14:25+00:00","author":{"@id":"https:\/\/feiraecoenergy.com.br\/16\/en\/#\/schema\/person\/75a0989bc3d618f9011184d0d38b27c0"},"breadcrumb":{"@id":"https:\/\/feiraecoenergy.com.br\/16\/en\/quilowatt-do-bem-seal-launch-at-enersolarbrasil\/#breadcrumb"},"inLanguage":"pt-BR","potentialAction":[{"@type":"ReadAction","target":["https:\/\/feiraecoenergy.com.br\/16\/en\/quilowatt-do-bem-seal-launch-at-enersolarbrasil\/"]}]},{"@type":"BreadcrumbList","@id":"https:\/\/feiraecoenergy.com.br\/16\/en\/quilowatt-do-bem-seal-launch-at-enersolarbrasil\/#breadcrumb","itemListElement":[{"@type":"ListItem","position":1,"name":"In\u00edcio","item":"https:\/\/feiraecoenergy.com.br\/16\/en\/"},{"@type":"ListItem","position":2,"name":"\u201cQuiloWatt do Bem\u201d Seal Launch at EnerSolar+Brasil"}]},{"@type":"Person","@id":"https:\/\/feiraecoenergy.com.br\/16\/en\/#\/schema\/person\/75a0989bc3d618f9011184d0d38b27c0","name":"Leandro Mota","image":{"@type":"ImageObject","@id":"https:\/\/feiraecoenergy.com.br\/16\/en\/#personlogo","inLanguage":"pt-BR","url":"https:\/\/secure.gravatar.com\/avatar\/7ed0afe92604544d15c5f52eaeeb306f?s=96&d=mm&r=g","contentUrl":"https:\/\/secure.gravatar.com\/avatar\/7ed0afe92604544d15c5f52eaeeb306f?s=96&d=mm&r=g","caption":"Leandro Mota"},"url":"https:\/\/feiraecoenergy.com.br\/16\/en\/author\/leandro\/"}]}},"_links":{"self":[{"href":"https:\/\/feiraecoenergy.com.br\/16\/en\/wp-json\/wp\/v2\/posts\/1388"}],"collection":[{"href":"https:\/\/feiraecoenergy.com.br\/16\/en\/wp-json\/wp\/v2\/posts"}],"about":[{"href":"https:\/\/feiraecoenergy.com.br\/16\/en\/wp-json\/wp\/v2\/types\/post"}],"author":[{"embeddable":true,"href":"https:\/\/feiraecoenergy.com.br\/16\/en\/wp-json\/wp\/v2\/users\/3"}],"replies":[{"embeddable":true,"href":"https:\/\/feiraecoenergy.com.br\/16\/en\/wp-json\/wp\/v2\/comments?post=1388"}],"version-history":[{"count":2,"href":"https:\/\/feiraecoenergy.com.br\/16\/en\/wp-json\/wp\/v2\/posts\/1388\/revisions"}],"predecessor-version":[{"id":1392,"href":"https:\/\/feiraecoenergy.com.br\/16\/en\/wp-json\/wp\/v2\/posts\/1388\/revisions\/1392"}],"wp:attachment":[{"href":"https:\/\/feiraecoenergy.com.br\/16\/en\/wp-json\/wp\/v2\/media?parent=1388"}],"wp:term":[{"taxonomy":"category","embeddable":true,"href":"https:\/\/feiraecoenergy.com.br\/16\/en\/wp-json\/wp\/v2\/categories?post=1388"},{"taxonomy":"post_tag","embeddable":true,"href":"https:\/\/feiraecoenergy.com.br\/16\/en\/wp-json\/wp\/v2\/tags?post=1388"}],"curies":[{"name":"wp","href":"https:\/\/api.w.org\/{rel}","templated":true}]}}