{"id":1884,"date":"2018-06-28T13:17:25","date_gmt":"2018-06-28T13:17:25","guid":{"rendered":"http:\/\/enersolarbrasil.com.br\/16\/en\/?p=1884"},"modified":"2018-06-28T13:17:25","modified_gmt":"2018-06-28T13:17:25","slug":"the-7th-enersolar-brazil-received-12-thousand-visitors-in-three-days-of-discussions-and-releases-in-the-solar-energy-photovoltaic-wind-biomass-and-gtdc-sectors","status":"publish","type":"post","link":"https:\/\/feiraecoenergy.com.br\/16\/en\/the-7th-enersolar-brazil-received-12-thousand-visitors-in-three-days-of-discussions-and-releases-in-the-solar-energy-photovoltaic-wind-biomass-and-gtdc-sectors\/","title":{"rendered":"The 7th EnerSolar + Brazil received 12 thousand visitors in three days of discussions and releases in the solar energy, photovoltaic, wind, biomass and GTDC sectors"},"content":{"rendered":"<hr \/>\n<p style=\"text-align: center;\"><em>Regulatory issues have taking much of the Ecoenergy and Biomass Day schedule.<\/em><\/p>\n<hr \/>\n<p>&nbsp;<\/p>\n<p><strong>S\u00e3o Paulo, May 29, 2018 \u2013<\/strong>\u00a0 The 7th EnerSolar + Brazil &#8211;<em>Feira Internacional de Tecnologias para Energia Solar (<\/em>International Fair of Technologies for Solar Energy) had great prominence for regulatory issues with dozens of presentations and releases in the areas of solar, photovoltaic, wind and biomass, besides GTDC &#8211; Generation, Transmission, Distribution and Commercialization of Energy. The fair took place from May 22 to 24 at the S\u00e3o Paulo Expo and brought together 12 thousand visitors, including engineers, installers, integrators, distributors and directors, receiving positive feedback from speakers and exhibitors.<\/p>\n<p>The event was held in a scenario in which the Brazilian solar energy matrix ranks 5th in the world in installed capacity and the country is considering joining the Solar International Alliance. &#8220;The mobilization of society around NBR 16690 for electrical installations in photovoltaic systems is an example of market demand for regulatory issues to facilitate the growth of the sector,&#8221; declared Rimantas Sipas, Cipa Fiera Milano Director, the event\u2019s organizer and promoter.<\/p>\n<p>In addition to the exhibition area, with 70 companies presenting their solutions and launches, the main debates, lectures and roundtables took place at the 8th Ecoenergy and at the 2nd Biomass Day &#8211; <em>Congresso Internacional da Biomassa <\/em>(International Biomass Congress).<\/p>\n<p><strong>Ecoenergy &amp; Biomass Day<\/strong><\/p>\n<p>According to the Cipa Fiera Milano content producer, Tatiana Dalben Munhoz, Ecoenergy developed from discussions about the review and improvement of the regulatory framework of the electrical sector from the point of view of specialists that addressed possible impacts on the development of solar energy. Initiatives to overcome economic obstacles, fundraising, technological innovation and results of implemented programs were some themes that guided the debates to integrate the agents and encourage action plans that move the business.\u00a0One of the information that most attracted participants was that Brazil uses only 10% of its installed solar energy capacity, according to Moacir Marchi Filho, president of Dasol &#8211; <em>Departamento Nacional de Energia Solar T\u00e9rmica da Abrava<\/em>(Abrava&#8217;s National Solar Thermal Energy Department).<\/p>\n<p>Biomass Day has addressed challenges and bottlenecks for the development of biomass in Brazil, both for the production of electricity, focusing on operational and financial efficiency, as well as for trends in the generation of bioproducts with high added value. &#8220;The debates involved technological innovation, operational integration, technological chain effectiveness, biorefinery implementation, financing and security for new investments through RenovaBio\u201d he said. At the opening of the event, the potential of the draft law resulting from public consultation No. 33 of 2017 of the Ministry of Mines and Energy was discussed, when Marcelo Couto, director of M&amp;A and Bioenergy of Ra\u00edzen, stated that Brazil can even double the generation of energy from biomass.<\/p>\n<p><strong>Feedback from lecturers and exhibitors<\/strong><\/p>\n<p>Ruberval Baldini, executive director of <strong>BR Solar<\/strong>and president of Abeama &#8211; Brazilian Association of Alternative Energies and Environment, participated in the congresses both as a speaker and moderator and made a very positive evaluation of the experience. &#8220;The speakers were great and we got the main message of the importance of participating in the public consultation for photovoltaic systems, which ended on the 24th. The Participants were engaged.&#8221;<\/p>\n<p>According to Baldini, no segment in terms of energy is growing more in Brazil than solar, so the importance of more regulation. Speaker Carlos Caf\u00e9, Director of Training and Certification at ABGD, ranked EnerSolar + Brazil as a conducive networking environment for closing deals. &#8220;The fair is a promising place to find customers and these congresses are highly praised, which makes the market excited,&#8221; he said.<\/p>\n<p>Claudia Ambrosio, chief financial officer of <strong>Blue Sun Solar<\/strong>, said she was surprised by the large number of visitors. &#8220;It is our first trade show in the industry and we are satisfied with the business and the diversity of the public. People&#8217;s interest in photovoltaic systems is enormous\u201d. The company focuses on complete equipment kits for photovoltaic systems for the final consumer and also offers courses.<\/p>\n<p>Gerson Max Krepski, <strong>Premium Solar<\/strong>&#8216;s business manager, who quadrupled the size of the booth this year and is investing in a new CD in Curitiba, plans to generate 40% more in business than last year. &#8220;The regulars of this edition were very well informed.&#8221; The brand sells from 0.5 kW photovoltaic generators to large power plant projects.<\/p>\n<p>\u201cOur expectations have been met, we have served many directors from various states. Each month our sales increase, and our structure has changed completely in just one year, &#8220;said Adriano Pereira dos Santos of <strong>PHB Solar<\/strong>, who among the innovations presented at the stand included spin bikes that generate energy with the pedal effort. \u201cAround 5 thousand people went to know our equipment\u201d.<\/p>\n<p><strong><br \/>\nMore information for press:<\/strong><\/p>\n<p><strong>2PR\u00d3 Comunica\u00e7\u00e3o <\/strong><\/p>\n<p>The team\u2019s Email: fieramilano@2pro.com.br<br \/>\nTeam\u2019s mobile: (11) 98578-1707<br \/>\nTeresa Silva &#8211; (11) 3030-9463 |99228-7836<br \/>\nMyrian Vallone &#8211; (11) 3030-9404 | 98378-3888<br \/>\nMarcos Coelho \u2013 (11) 3030-9403<\/p>\n<p><a href=\"http:\/\/www.2pro.com.br\/\">www.2pro.com.br<\/a><\/p>\n","protected":false},"excerpt":{"rendered":"<p>Regulatory issues have taking much of the Ecoenergy and Biomass Day schedule. &nbsp; S\u00e3o Paulo, May 29, 2018 \u2013\u00a0 The [&hellip;]<\/p>\n","protected":false},"author":3,"featured_media":0,"comment_status":"closed","ping_status":"closed","sticky":false,"template":"","format":"standard","meta":{"_mi_skip_tracking":false},"categories":[14],"tags":[16],"yoast_head":"<!-- This site is optimized with the Yoast SEO plugin v18.1 - https:\/\/yoast.com\/wordpress\/plugins\/seo\/ -->\n<title>The 7th EnerSolar + Brazil received 12 thousand visitors in three days of discussions and releases in the solar energy, photovoltaic, wind, biomass and GTDC sectors - Ecoenergy<\/title>\n<meta name=\"robots\" content=\"index, follow, max-snippet:-1, max-image-preview:large, max-video-preview:-1\" \/>\n<link rel=\"canonical\" href=\"https:\/\/feiraecoenergy.com.br\/16\/en\/the-7th-enersolar-brazil-received-12-thousand-visitors-in-three-days-of-discussions-and-releases-in-the-solar-energy-photovoltaic-wind-biomass-and-gtdc-sectors\/\" \/>\n<meta property=\"og:locale\" content=\"pt_BR\" \/>\n<meta property=\"og:type\" content=\"article\" \/>\n<meta property=\"og:title\" content=\"The 7th EnerSolar + Brazil received 12 thousand visitors in three days of discussions and releases in the solar energy, photovoltaic, wind, biomass and GTDC sectors - Ecoenergy\" \/>\n<meta property=\"og:description\" content=\"Regulatory issues have taking much of the Ecoenergy and Biomass Day schedule. &nbsp; S\u00e3o Paulo, May 29, 2018 \u2013\u00a0 The [&hellip;]\" \/>\n<meta property=\"og:url\" content=\"https:\/\/feiraecoenergy.com.br\/16\/en\/the-7th-enersolar-brazil-received-12-thousand-visitors-in-three-days-of-discussions-and-releases-in-the-solar-energy-photovoltaic-wind-biomass-and-gtdc-sectors\/\" \/>\n<meta property=\"og:site_name\" content=\"Ecoenergy\" \/>\n<meta property=\"article:published_time\" content=\"2018-06-28T13:17:25+00:00\" \/>\n<meta name=\"twitter:card\" content=\"summary\" \/>\n<meta name=\"twitter:label1\" content=\"Escrito por\" \/>\n\t<meta name=\"twitter:data1\" content=\"Leandro Mota\" \/>\n\t<meta name=\"twitter:label2\" content=\"Est. tempo de leitura\" \/>\n\t<meta name=\"twitter:data2\" content=\"4 minutos\" \/>\n<script type=\"application\/ld+json\" class=\"yoast-schema-graph\">{\"@context\":\"https:\/\/schema.org\",\"@graph\":[{\"@type\":\"WebSite\",\"@id\":\"https:\/\/feiraecoenergy.com.br\/16\/en\/#website\",\"url\":\"https:\/\/feiraecoenergy.com.br\/16\/en\/\",\"name\":\"Ecoenergy\",\"description\":\"International Fair and Congress of Clean and Renewable Technologies for Energy Generation\",\"potentialAction\":[{\"@type\":\"SearchAction\",\"target\":{\"@type\":\"EntryPoint\",\"urlTemplate\":\"https:\/\/feiraecoenergy.com.br\/16\/en\/?s={search_term_string}\"},\"query-input\":\"required name=search_term_string\"}],\"inLanguage\":\"pt-BR\"},{\"@type\":\"WebPage\",\"@id\":\"https:\/\/feiraecoenergy.com.br\/16\/en\/the-7th-enersolar-brazil-received-12-thousand-visitors-in-three-days-of-discussions-and-releases-in-the-solar-energy-photovoltaic-wind-biomass-and-gtdc-sectors\/#webpage\",\"url\":\"https:\/\/feiraecoenergy.com.br\/16\/en\/the-7th-enersolar-brazil-received-12-thousand-visitors-in-three-days-of-discussions-and-releases-in-the-solar-energy-photovoltaic-wind-biomass-and-gtdc-sectors\/\",\"name\":\"The 7th EnerSolar + Brazil received 12 thousand visitors in three days of discussions and releases in the solar energy, photovoltaic, wind, biomass and GTDC sectors - Ecoenergy\",\"isPartOf\":{\"@id\":\"https:\/\/feiraecoenergy.com.br\/16\/en\/#website\"},\"datePublished\":\"2018-06-28T13:17:25+00:00\",\"dateModified\":\"2018-06-28T13:17:25+00:00\",\"author\":{\"@id\":\"https:\/\/feiraecoenergy.com.br\/16\/en\/#\/schema\/person\/75a0989bc3d618f9011184d0d38b27c0\"},\"breadcrumb\":{\"@id\":\"https:\/\/feiraecoenergy.com.br\/16\/en\/the-7th-enersolar-brazil-received-12-thousand-visitors-in-three-days-of-discussions-and-releases-in-the-solar-energy-photovoltaic-wind-biomass-and-gtdc-sectors\/#breadcrumb\"},\"inLanguage\":\"pt-BR\",\"potentialAction\":[{\"@type\":\"ReadAction\",\"target\":[\"https:\/\/feiraecoenergy.com.br\/16\/en\/the-7th-enersolar-brazil-received-12-thousand-visitors-in-three-days-of-discussions-and-releases-in-the-solar-energy-photovoltaic-wind-biomass-and-gtdc-sectors\/\"]}]},{\"@type\":\"BreadcrumbList\",\"@id\":\"https:\/\/feiraecoenergy.com.br\/16\/en\/the-7th-enersolar-brazil-received-12-thousand-visitors-in-three-days-of-discussions-and-releases-in-the-solar-energy-photovoltaic-wind-biomass-and-gtdc-sectors\/#breadcrumb\",\"itemListElement\":[{\"@type\":\"ListItem\",\"position\":1,\"name\":\"In\u00edcio\",\"item\":\"https:\/\/feiraecoenergy.com.br\/16\/en\/\"},{\"@type\":\"ListItem\",\"position\":2,\"name\":\"The 7th EnerSolar + Brazil received 12 thousand visitors in three days of discussions and releases in the solar energy, photovoltaic, wind, biomass and GTDC sectors\"}]},{\"@type\":\"Person\",\"@id\":\"https:\/\/feiraecoenergy.com.br\/16\/en\/#\/schema\/person\/75a0989bc3d618f9011184d0d38b27c0\",\"name\":\"Leandro Mota\",\"image\":{\"@type\":\"ImageObject\",\"@id\":\"https:\/\/feiraecoenergy.com.br\/16\/en\/#personlogo\",\"inLanguage\":\"pt-BR\",\"url\":\"https:\/\/secure.gravatar.com\/avatar\/7ed0afe92604544d15c5f52eaeeb306f?s=96&d=mm&r=g\",\"contentUrl\":\"https:\/\/secure.gravatar.com\/avatar\/7ed0afe92604544d15c5f52eaeeb306f?s=96&d=mm&r=g\",\"caption\":\"Leandro Mota\"},\"url\":\"https:\/\/feiraecoenergy.com.br\/16\/en\/author\/leandro\/\"}]}<\/script>\n<!-- \/ Yoast SEO plugin. -->","yoast_head_json":{"title":"The 7th EnerSolar + Brazil received 12 thousand visitors in three days of discussions and releases in the solar energy, photovoltaic, wind, biomass and GTDC sectors - Ecoenergy","robots":{"index":"index","follow":"follow","max-snippet":"max-snippet:-1","max-image-preview":"max-image-preview:large","max-video-preview":"max-video-preview:-1"},"canonical":"https:\/\/feiraecoenergy.com.br\/16\/en\/the-7th-enersolar-brazil-received-12-thousand-visitors-in-three-days-of-discussions-and-releases-in-the-solar-energy-photovoltaic-wind-biomass-and-gtdc-sectors\/","og_locale":"pt_BR","og_type":"article","og_title":"The 7th EnerSolar + Brazil received 12 thousand visitors in three days of discussions and releases in the solar energy, photovoltaic, wind, biomass and GTDC sectors - Ecoenergy","og_description":"Regulatory issues have taking much of the Ecoenergy and Biomass Day schedule. &nbsp; S\u00e3o Paulo, May 29, 2018 \u2013\u00a0 The [&hellip;]","og_url":"https:\/\/feiraecoenergy.com.br\/16\/en\/the-7th-enersolar-brazil-received-12-thousand-visitors-in-three-days-of-discussions-and-releases-in-the-solar-energy-photovoltaic-wind-biomass-and-gtdc-sectors\/","og_site_name":"Ecoenergy","article_published_time":"2018-06-28T13:17:25+00:00","twitter_card":"summary","twitter_misc":{"Escrito por":"Leandro Mota","Est. tempo de leitura":"4 minutos"},"schema":{"@context":"https:\/\/schema.org","@graph":[{"@type":"WebSite","@id":"https:\/\/feiraecoenergy.com.br\/16\/en\/#website","url":"https:\/\/feiraecoenergy.com.br\/16\/en\/","name":"Ecoenergy","description":"International Fair and Congress of Clean and Renewable Technologies for Energy Generation","potentialAction":[{"@type":"SearchAction","target":{"@type":"EntryPoint","urlTemplate":"https:\/\/feiraecoenergy.com.br\/16\/en\/?s={search_term_string}"},"query-input":"required name=search_term_string"}],"inLanguage":"pt-BR"},{"@type":"WebPage","@id":"https:\/\/feiraecoenergy.com.br\/16\/en\/the-7th-enersolar-brazil-received-12-thousand-visitors-in-three-days-of-discussions-and-releases-in-the-solar-energy-photovoltaic-wind-biomass-and-gtdc-sectors\/#webpage","url":"https:\/\/feiraecoenergy.com.br\/16\/en\/the-7th-enersolar-brazil-received-12-thousand-visitors-in-three-days-of-discussions-and-releases-in-the-solar-energy-photovoltaic-wind-biomass-and-gtdc-sectors\/","name":"The 7th EnerSolar + Brazil received 12 thousand visitors in three days of discussions and releases in the solar energy, photovoltaic, wind, biomass and GTDC sectors - Ecoenergy","isPartOf":{"@id":"https:\/\/feiraecoenergy.com.br\/16\/en\/#website"},"datePublished":"2018-06-28T13:17:25+00:00","dateModified":"2018-06-28T13:17:25+00:00","author":{"@id":"https:\/\/feiraecoenergy.com.br\/16\/en\/#\/schema\/person\/75a0989bc3d618f9011184d0d38b27c0"},"breadcrumb":{"@id":"https:\/\/feiraecoenergy.com.br\/16\/en\/the-7th-enersolar-brazil-received-12-thousand-visitors-in-three-days-of-discussions-and-releases-in-the-solar-energy-photovoltaic-wind-biomass-and-gtdc-sectors\/#breadcrumb"},"inLanguage":"pt-BR","potentialAction":[{"@type":"ReadAction","target":["https:\/\/feiraecoenergy.com.br\/16\/en\/the-7th-enersolar-brazil-received-12-thousand-visitors-in-three-days-of-discussions-and-releases-in-the-solar-energy-photovoltaic-wind-biomass-and-gtdc-sectors\/"]}]},{"@type":"BreadcrumbList","@id":"https:\/\/feiraecoenergy.com.br\/16\/en\/the-7th-enersolar-brazil-received-12-thousand-visitors-in-three-days-of-discussions-and-releases-in-the-solar-energy-photovoltaic-wind-biomass-and-gtdc-sectors\/#breadcrumb","itemListElement":[{"@type":"ListItem","position":1,"name":"In\u00edcio","item":"https:\/\/feiraecoenergy.com.br\/16\/en\/"},{"@type":"ListItem","position":2,"name":"The 7th EnerSolar + Brazil received 12 thousand visitors in three days of discussions and releases in the solar energy, photovoltaic, wind, biomass and GTDC sectors"}]},{"@type":"Person","@id":"https:\/\/feiraecoenergy.com.br\/16\/en\/#\/schema\/person\/75a0989bc3d618f9011184d0d38b27c0","name":"Leandro Mota","image":{"@type":"ImageObject","@id":"https:\/\/feiraecoenergy.com.br\/16\/en\/#personlogo","inLanguage":"pt-BR","url":"https:\/\/secure.gravatar.com\/avatar\/7ed0afe92604544d15c5f52eaeeb306f?s=96&d=mm&r=g","contentUrl":"https:\/\/secure.gravatar.com\/avatar\/7ed0afe92604544d15c5f52eaeeb306f?s=96&d=mm&r=g","caption":"Leandro Mota"},"url":"https:\/\/feiraecoenergy.com.br\/16\/en\/author\/leandro\/"}]}},"_links":{"self":[{"href":"https:\/\/feiraecoenergy.com.br\/16\/en\/wp-json\/wp\/v2\/posts\/1884"}],"collection":[{"href":"https:\/\/feiraecoenergy.com.br\/16\/en\/wp-json\/wp\/v2\/posts"}],"about":[{"href":"https:\/\/feiraecoenergy.com.br\/16\/en\/wp-json\/wp\/v2\/types\/post"}],"author":[{"embeddable":true,"href":"https:\/\/feiraecoenergy.com.br\/16\/en\/wp-json\/wp\/v2\/users\/3"}],"replies":[{"embeddable":true,"href":"https:\/\/feiraecoenergy.com.br\/16\/en\/wp-json\/wp\/v2\/comments?post=1884"}],"version-history":[{"count":1,"href":"https:\/\/feiraecoenergy.com.br\/16\/en\/wp-json\/wp\/v2\/posts\/1884\/revisions"}],"predecessor-version":[{"id":1885,"href":"https:\/\/feiraecoenergy.com.br\/16\/en\/wp-json\/wp\/v2\/posts\/1884\/revisions\/1885"}],"wp:attachment":[{"href":"https:\/\/feiraecoenergy.com.br\/16\/en\/wp-json\/wp\/v2\/media?parent=1884"}],"wp:term":[{"taxonomy":"category","embeddable":true,"href":"https:\/\/feiraecoenergy.com.br\/16\/en\/wp-json\/wp\/v2\/categories?post=1884"},{"taxonomy":"post_tag","embeddable":true,"href":"https:\/\/feiraecoenergy.com.br\/16\/en\/wp-json\/wp\/v2\/tags?post=1884"}],"curies":[{"name":"wp","href":"https:\/\/api.w.org\/{rel}","templated":true}]}}